{"id":2829,"date":"2024-06-05T12:38:21","date_gmt":"2024-06-05T11:38:21","guid":{"rendered":"https:\/\/cful.letras.ulisboa.pt\/praxis\/?p=2829"},"modified":"2024-06-05T16:23:59","modified_gmt":"2024-06-05T15:23:59","slug":"praxis-seminar-2023-24-s24","status":"publish","type":"post","link":"https:\/\/cful.letras.ulisboa.pt\/praxis\/praxis-seminar-2023-24-s24\/","title":{"rendered":"Praxis Seminar: Research Colloquium in Practical Philosophy 2023\/24, Session 24"},"content":{"rendered":"<p>Francesco Biagi<\/p>\n<p>CIAUD-ULisboa<\/p>\n<h5><strong><em>Henri Lefebvre: \u201cTeoria\u201d e \u201cPraxis\u201d para a Renova\u00e7\u00e3o do Marxismo<\/em><\/strong><\/h5>\n<p>11 June 2024, 17h00 (Lisbon Summer Time \u2014 GMT+1)<\/p>\n<p><strong>Sala Mattos Rom\u00e3o (Room C201.J \u2013 Department of Philosophy)<\/strong><\/p>\n<p>School of Arts and Humanities \u2013 University of Lisbon<\/p>\n<p>&nbsp;<\/p>\n<p><strong>Abstract<\/strong><\/p>\n<p>Henri Lefebvre (Hagetmau 1901 &#8211; Navarrenx 1991) foi um fil\u00f3sofo e soci\u00f3logo marxista que viveu intensamente todo o &#8220;breve s\u00e9culo XX&#8221;. A Revolu\u00e7\u00e3o Russa irrompeu quando o autor tinha quase dezoito anos, e ele morreu aos 90 anos, dois anos ap\u00f3s a queda do Muro de Berlim e alguns meses antes da implos\u00e3o da Uni\u00e3o Sovi\u00e9tica. A rece\u00e7\u00e3o portuguesa e internacional de Lefebvre tem sido inadequada e parcial, esquecendo-se frequentemente que o autor \u00e9 um dos expoentes mais brilhantes, ainda que perif\u00e9ricos, do marxismo franc\u00eas do s\u00e9culo XX. De facto, Lefebvre inaugurou um novo tipo de filosofia, seguindo os passos de Marx e Engels, capaz de se desenvolver simultaneamente no plano te\u00f3rico e pr\u00e1tico: o marxismo deve ser uma \u201cteoria\u201d que ajude a compreender e a transformar a \u201cpr\u00e1xis\u201d. Esta \u00e9 a perspetiva que lhe permite compreender e analisar as transforma\u00e7\u00f5es da sociedade, desde a quest\u00e3o espacial, passando pela vida quotidiana, at\u00e9 uma teoria geral da pol\u00edtica que abarca toda a an\u00e1lise da modernidade capitalista. A quest\u00e3o rural e a quest\u00e3o urbana tornam-se o &#8220;laborat\u00f3rio social&#8221; privilegiado para observar as evolu\u00e7\u00f5es do capitalismo e dar um novo impulso \u00e0 tradi\u00e7\u00e3o marxista, contra a ortodoxia dogm\u00e1tica propagada pelo estalinismo. Se, por um lado, Lefebvre contribuiu para revitalizar os instrumentos de investiga\u00e7\u00e3o da cr\u00edtica marxiana, por outro lado, a amplitude dos seus interesses n\u00e3o permitiu um reconhecimento adequado da sua contribui\u00e7\u00e3o original em compara\u00e7\u00e3o com outras figuras como Jean-Paul Sartre, Louis Althusser ou Guy Debord. A minha interven\u00e7\u00e3o, ap\u00f3s apresentar a biografia intelectual do autor, centrar-se-\u00e1 em explicar como os estudos rurais e urbanos de Lefebvre s\u00e3o o instrumento atrav\u00e9s do qual o autor revitaliza e d\u00e1 um novo significado ao pensamento marxista.<\/p>\n<p>&nbsp;<\/p>\n<p>&nbsp;<\/p>\n","protected":false},"excerpt":{"rendered":"<p>Francesco Biagi CIAUD-ULisboa Henri Lefebvre: \u201cTeoria\u201d e \u201cPraxis\u201d para a Renova\u00e7\u00e3o do Marxismo 11 June 2024, 17h00 (Lisbon Summer Time \u2014 GMT+1) Sala Mattos Rom\u00e3o (Room C201.J \u2013 Department of Philosophy) School of Arts and Humanities \u2013 University of Lisbon &nbsp; Abstract Henri Lefebvre (Hagetmau 1901 &#8211; Navarrenx 1991) foi um fil\u00f3sofo e soci\u00f3logo marxista [&hellip;]<\/p>\n","protected":false},"author":2,"featured_media":0,"comment_status":"open","ping_status":"open","sticky":false,"template":"","format":"standard","meta":{"activitypub_content_warning":"","activitypub_content_visibility":"","activitypub_max_image_attachments":4,"activitypub_interaction_policy_quote":"","activitypub_status":"federate","footnotes":""},"categories":[1],"tags":[],"class_list":["post-2829","post","type-post","status-publish","format-standard","hentry","category-uncategorized"],"_links":{"self":[{"href":"https:\/\/cful.letras.ulisboa.pt\/praxis\/wp-json\/wp\/v2\/posts\/2829","targetHints":{"allow":["GET"]}}],"collection":[{"href":"https:\/\/cful.letras.ulisboa.pt\/praxis\/wp-json\/wp\/v2\/posts"}],"about":[{"href":"https:\/\/cful.letras.ulisboa.pt\/praxis\/wp-json\/wp\/v2\/types\/post"}],"author":[{"embeddable":true,"href":"https:\/\/cful.letras.ulisboa.pt\/praxis\/wp-json\/wp\/v2\/users\/2"}],"replies":[{"embeddable":true,"href":"https:\/\/cful.letras.ulisboa.pt\/praxis\/wp-json\/wp\/v2\/comments?post=2829"}],"version-history":[{"count":1,"href":"https:\/\/cful.letras.ulisboa.pt\/praxis\/wp-json\/wp\/v2\/posts\/2829\/revisions"}],"predecessor-version":[{"id":2924,"href":"https:\/\/cful.letras.ulisboa.pt\/praxis\/wp-json\/wp\/v2\/posts\/2829\/revisions\/2924"}],"wp:attachment":[{"href":"https:\/\/cful.letras.ulisboa.pt\/praxis\/wp-json\/wp\/v2\/media?parent=2829"}],"wp:term":[{"taxonomy":"category","embeddable":true,"href":"https:\/\/cful.letras.ulisboa.pt\/praxis\/wp-json\/wp\/v2\/categories?post=2829"},{"taxonomy":"post_tag","embeddable":true,"href":"https:\/\/cful.letras.ulisboa.pt\/praxis\/wp-json\/wp\/v2\/tags?post=2829"}],"curies":[{"name":"wp","href":"https:\/\/api.w.org\/{rel}","templated":true}]}}