{"id":2568,"date":"2022-10-07T18:49:19","date_gmt":"2022-10-07T17:49:19","guid":{"rendered":"https:\/\/cful.letras.ulisboa.pt\/praxis\/?p=2568"},"modified":"2022-10-07T18:49:19","modified_gmt":"2022-10-07T17:49:19","slug":"praxis-seminar-2022-23-s2","status":"publish","type":"post","link":"https:\/\/cful.letras.ulisboa.pt\/praxis\/praxis-seminar-2022-23-s2\/","title":{"rendered":"Praxis Seminar: Research Colloquium in Practical Philosophy 2022\/23, Session 2"},"content":{"rendered":"<p>Mariana Larison<\/p>\n<p>CONICET\/University of Buenos Aires<\/p>\n<h5><em>Tempo e revolu\u00e7\u00e3o: Que ideia de pr\u00e1xis?<\/em><\/h5>\n<p>11 October 2022, 17h00 (Lisbon Summer Time \u2014 GMT+1)<\/p>\n<p><strong>Sala Mattos Rom\u00e3o (Room C201.J \u2013 Department of Philosophy)<\/strong> | School of Arts and Humanities \u2013 University of Lisbon<\/p>\n<p>&nbsp;<\/p>\n<p><strong>Abstract<\/strong><\/p>\n<p>Na segunda metade do s\u00e9culo XX teve lugar uma releitura da obra de Maquiavel em autores de diferentes correntes de pensamento que, movidos por diferentes interesses, se viram na necessidade de pensar especificamente sobre o problema da funda\u00e7\u00e3o de uma nova ordem pol\u00edtica. No pensar o totalitarismo, no pensar a democracia, no pensar a pol\u00edtica, no pensar contra Hegel, no pensar com Marx ou sem Marx, emergiram da Europa e da Am\u00e9rica novas interpreta\u00e7\u00f5es do florentino que disputam o sentido da institui\u00e7\u00e3o da ordem pol\u00edtica. Nesta apresenta\u00e7\u00e3o, o meu interesse ser\u00e1 aprofundar apenas numa das muitas leituras da funda\u00e7\u00e3o pol\u00edtica de Maquiavel na segunda metade do s\u00e9culo passado, nomeadamente, a proposta de Merleau-Ponty. O objetivo consistir\u00e1 em analisar alguns dos problemas fundamentais que surgem da an\u00e1lise da no\u00e7\u00e3o de revolu\u00e7\u00e3o baseada em Maquiavel, assim como pensar as possibilidades que esta oferece para apreciar com clareza o v\u00ednculo profundo que se estabelece entre funda\u00e7\u00e3o e tempo, o que alguns chamam <em>institui\u00e7\u00e3o<\/em>.<\/p>\n<p>&nbsp;<\/p>\n<p>&nbsp;<\/p>\n<p>&nbsp;<\/p>\n","protected":false},"excerpt":{"rendered":"<p>Mariana Larison CONICET\/University of Buenos Aires Tempo e revolu\u00e7\u00e3o: Que ideia de pr\u00e1xis? 11 October 2022, 17h00 (Lisbon Summer Time \u2014 GMT+1) Sala Mattos Rom\u00e3o (Room C201.J \u2013 Department of Philosophy) | School of Arts and Humanities \u2013 University of Lisbon &nbsp; Abstract Na segunda metade do s\u00e9culo XX teve lugar uma releitura da obra [&hellip;]<\/p>\n","protected":false},"author":2,"featured_media":0,"comment_status":"open","ping_status":"open","sticky":false,"template":"","format":"standard","meta":{"activitypub_content_warning":"","activitypub_content_visibility":"","activitypub_max_image_attachments":4,"activitypub_interaction_policy_quote":"","activitypub_status":"","footnotes":""},"categories":[1],"tags":[],"class_list":["post-2568","post","type-post","status-publish","format-standard","hentry","category-uncategorized"],"_links":{"self":[{"href":"https:\/\/cful.letras.ulisboa.pt\/praxis\/wp-json\/wp\/v2\/posts\/2568","targetHints":{"allow":["GET"]}}],"collection":[{"href":"https:\/\/cful.letras.ulisboa.pt\/praxis\/wp-json\/wp\/v2\/posts"}],"about":[{"href":"https:\/\/cful.letras.ulisboa.pt\/praxis\/wp-json\/wp\/v2\/types\/post"}],"author":[{"embeddable":true,"href":"https:\/\/cful.letras.ulisboa.pt\/praxis\/wp-json\/wp\/v2\/users\/2"}],"replies":[{"embeddable":true,"href":"https:\/\/cful.letras.ulisboa.pt\/praxis\/wp-json\/wp\/v2\/comments?post=2568"}],"version-history":[{"count":1,"href":"https:\/\/cful.letras.ulisboa.pt\/praxis\/wp-json\/wp\/v2\/posts\/2568\/revisions"}],"predecessor-version":[{"id":2571,"href":"https:\/\/cful.letras.ulisboa.pt\/praxis\/wp-json\/wp\/v2\/posts\/2568\/revisions\/2571"}],"wp:attachment":[{"href":"https:\/\/cful.letras.ulisboa.pt\/praxis\/wp-json\/wp\/v2\/media?parent=2568"}],"wp:term":[{"taxonomy":"category","embeddable":true,"href":"https:\/\/cful.letras.ulisboa.pt\/praxis\/wp-json\/wp\/v2\/categories?post=2568"},{"taxonomy":"post_tag","embeddable":true,"href":"https:\/\/cful.letras.ulisboa.pt\/praxis\/wp-json\/wp\/v2\/tags?post=2568"}],"curies":[{"name":"wp","href":"https:\/\/api.w.org\/{rel}","templated":true}]}}