{"id":2439,"date":"2022-03-03T19:32:53","date_gmt":"2022-03-03T19:32:53","guid":{"rendered":"https:\/\/cful.letras.ulisboa.pt\/praxis\/?p=2439"},"modified":"2022-03-03T19:43:12","modified_gmt":"2022-03-03T19:43:12","slug":"praxis-seminar-2021-22-s12","status":"publish","type":"post","link":"https:\/\/cful.letras.ulisboa.pt\/praxis\/praxis-seminar-2021-22-s12\/","title":{"rendered":"Praxis Seminar: Research Colloquium in Practical Philosophy 2021\/22, Session 12"},"content":{"rendered":"<p>Teresa Joaquim<\/p>\n<p>Universidade Aberta<\/p>\n<h5><strong><em>A quest\u00e3o da natalidade como (possibilidade de) transmiss\u00e3o de um mundo comum: entre Hannah Arendt e Fran\u00e7oise Collin<\/em><\/strong><\/h5>\n<p><span style=\"color: #0000ff;\">8 March 2022, 16h00 (Lisbon Time \u2014 GMT+0)<\/span><\/p>\n<p><strong>Sala Mattos Rom\u00e3o (Room C201.J \u2013 Department of Philosophy) |<\/strong> School of Arts and Humanities \u2013 University of Lisbon<\/p>\n<p>&nbsp;<\/p>\n<p><strong>Abstract<\/strong><\/p>\n<p>Pretende-se com esta exposi\u00e7\u00e3o tra\u00e7ar o fio de compreens\u00e3o que a no\u00e7\u00e3o de natalidade de Hannah Arendt permitiu a Fran\u00e7oise Collin repensar a cria\u00e7\u00e3o de um mundo comum marcado pela vulnerabilidade n\u00e3o s\u00f3 do ponto de vista te\u00f3rico como numa praxis feminista na sua pluralidade de modo a tornar esse mundo na express\u00e3o de Virginia Woolf \u201cum lugar que seja seu\u201d (<em>a room of one\u2019s own<\/em>) ou antes nosso. Talvez seja necess\u00e1rio ir at\u00e9 o <em>Segundo Sexo<\/em> de Simone de Beauvoir e o que ela diz sobre a maternidade \u2014 como repeti\u00e7\u00e3o e sem inova\u00e7\u00e3o \u2014 para perceber como a leitura de Collin a partir da reelabora\u00e7\u00e3o do conceito de natalidade de Arendt permite questionar, reformular a no\u00e7\u00e3o de <em>mundo comum<\/em>, e como a natalidade introduz nele, de cada vez, <em>initium<\/em>, refundando o pol\u00edtico. A quest\u00e3o da natalida\u00adde est\u00e1 intimamente ligada com a quest\u00e3o pol\u00edtica na obra de Arendt, j\u00e1 que o nascimento \u00e9 o surgimento do novo, no <em>espa\u00e7o comum<\/em>, e \u00e9 a constru\u00e7\u00e3o desse espa\u00e7o que constitui a polis; \u201cnascer \u00e9 afirmar a sua presen\u00e7a de ser que fala e age na comunidade, o inter-esse\u201d.<\/p>\n<p>&nbsp;<\/p>\n","protected":false},"excerpt":{"rendered":"<p>Teresa Joaquim Universidade Aberta A quest\u00e3o da natalidade como (possibilidade de) transmiss\u00e3o de um mundo comum: entre Hannah Arendt e Fran\u00e7oise Collin 8 March 2022, 16h00 (Lisbon Time \u2014 GMT+0) Sala Mattos Rom\u00e3o (Room C201.J \u2013 Department of Philosophy) | School of Arts and Humanities \u2013 University of Lisbon &nbsp; Abstract Pretende-se com esta exposi\u00e7\u00e3o [&hellip;]<\/p>\n","protected":false},"author":2,"featured_media":0,"comment_status":"open","ping_status":"open","sticky":false,"template":"","format":"standard","meta":{"activitypub_content_warning":"","activitypub_content_visibility":"","activitypub_max_image_attachments":4,"activitypub_interaction_policy_quote":"","activitypub_status":"","footnotes":""},"categories":[1],"tags":[],"class_list":["post-2439","post","type-post","status-publish","format-standard","hentry","category-uncategorized"],"_links":{"self":[{"href":"https:\/\/cful.letras.ulisboa.pt\/praxis\/wp-json\/wp\/v2\/posts\/2439","targetHints":{"allow":["GET"]}}],"collection":[{"href":"https:\/\/cful.letras.ulisboa.pt\/praxis\/wp-json\/wp\/v2\/posts"}],"about":[{"href":"https:\/\/cful.letras.ulisboa.pt\/praxis\/wp-json\/wp\/v2\/types\/post"}],"author":[{"embeddable":true,"href":"https:\/\/cful.letras.ulisboa.pt\/praxis\/wp-json\/wp\/v2\/users\/2"}],"replies":[{"embeddable":true,"href":"https:\/\/cful.letras.ulisboa.pt\/praxis\/wp-json\/wp\/v2\/comments?post=2439"}],"version-history":[{"count":2,"href":"https:\/\/cful.letras.ulisboa.pt\/praxis\/wp-json\/wp\/v2\/posts\/2439\/revisions"}],"predecessor-version":[{"id":2445,"href":"https:\/\/cful.letras.ulisboa.pt\/praxis\/wp-json\/wp\/v2\/posts\/2439\/revisions\/2445"}],"wp:attachment":[{"href":"https:\/\/cful.letras.ulisboa.pt\/praxis\/wp-json\/wp\/v2\/media?parent=2439"}],"wp:term":[{"taxonomy":"category","embeddable":true,"href":"https:\/\/cful.letras.ulisboa.pt\/praxis\/wp-json\/wp\/v2\/categories?post=2439"},{"taxonomy":"post_tag","embeddable":true,"href":"https:\/\/cful.letras.ulisboa.pt\/praxis\/wp-json\/wp\/v2\/tags?post=2439"}],"curies":[{"name":"wp","href":"https:\/\/api.w.org\/{rel}","templated":true}]}}