{"id":2156,"date":"2021-04-16T16:34:33","date_gmt":"2021-04-16T15:34:33","guid":{"rendered":"https:\/\/cful.letras.ulisboa.pt\/praxis\/?p=2156"},"modified":"2021-05-18T20:02:18","modified_gmt":"2021-05-18T19:02:18","slug":"praxis-seminar-2020-21-s13","status":"publish","type":"post","link":"https:\/\/cful.letras.ulisboa.pt\/praxis\/praxis-seminar-2020-21-s13\/","title":{"rendered":"Praxis Seminar: Research Colloquium in Practical Philosophy 2020\/21, Session 13"},"content":{"rendered":"<p>S\u00f4nia T. Felipe<\/p>\n<p>Federal University of Santa Catarina<\/p>\n<h5>Os animais no campo da \u00e9tica. Do androcentrismo ao ginocentrismo? Reflex\u00f5es sobre o alcance e os limites da \u00e9tica animalista<\/h5>\n<p><strong>20 April 2021, 18h00 (Lisbon summer time \u2014 GMT+1)<\/strong><\/p>\n<p><span style=\"color: #ff0000;\">Online Seminar<\/span> (<a href=\"https:\/\/videoconf-colibri.zoom.us\/j\/87985544858\"><span style=\"color: #ff9900;\">link here<\/span><\/a>)<\/p>\n<p>&nbsp;<\/p>\n<p style=\"text-align: center;\"><a href=\"https:\/\/drive.google.com\/file\/d\/1mxzSIgz973Rm9wLcurqQJwfZ1wxqziBx\/view?usp=sharing\"><span style=\"color: #0000ff;\">[Text of the Lecture. Draft version. Please do not quote without permission]<\/span><\/a><\/p>\n<p>&nbsp;<\/p>\n<p><strong>Abstract<\/strong><\/p>\n<p>A filosofia e, por conseguinte, a \u00e9tica animalista, carregam a moralidade que as engendra. Pensar a quest\u00e3o animal sob a perspectiva \u00e9tica revela os padr\u00f5es valorativos usados pelas fil\u00f3sofas e pelos fil\u00f3sofos para refletir n\u00e3o apenas sobre o animal que somos, mas sobre o que temos feito aos animais nos quais n\u00e3o nos reconhecemos. Nesta apresenta\u00e7\u00e3o vamos rever as molduras nas quais as propostas \u00e9ticas animalistas tradicionais foram enquadradas, a cr\u00edtica \u00e0 filosofia moral tradicional que amplia o c\u00edrculo moral e aponta para os animais como sujeitos dignos de considera\u00e7\u00e3o e mesmo de direitos por parte dos humanos, o que implica rever as no\u00e7\u00f5es tradicionais de dever, obriga\u00e7\u00e3o, justi\u00e7a, igualdade, liberdade, autonomia, pessoalidade e suas dobras morais question\u00e1veis. Na sequ\u00eancia, apresento a cr\u00edtica das feministas da segunda gera\u00e7\u00e3o \u00e0 filosofia animalista pioneira na defesa dos animais da d\u00e9cada de 1970 at\u00e9 a virada do mil\u00eanio. Por fim, trato do projeto de uma \u00e9tica sem tricotomias morais, que deve considerar igualmente ecossistemas naturais, animais de outras e da esp\u00e9cie humana.<\/p>\n<p>&nbsp;<\/p>\n<p>&nbsp;<\/p>\n<p>&nbsp;<\/p>\n","protected":false},"excerpt":{"rendered":"<p>S\u00f4nia T. Felipe Federal University of Santa Catarina Os animais no campo da \u00e9tica. Do androcentrismo ao ginocentrismo? Reflex\u00f5es sobre o alcance e os limites da \u00e9tica animalista 20 April 2021, 18h00 (Lisbon summer time \u2014 GMT+1) Online Seminar (link here) &nbsp; [Text of the Lecture. Draft version. Please do not quote without permission] &nbsp; [&hellip;]<\/p>\n","protected":false},"author":2,"featured_media":0,"comment_status":"open","ping_status":"open","sticky":false,"template":"","format":"standard","meta":{"activitypub_content_warning":"","activitypub_content_visibility":"","activitypub_max_image_attachments":4,"activitypub_interaction_policy_quote":"","activitypub_status":"","footnotes":""},"categories":[1],"tags":[],"class_list":["post-2156","post","type-post","status-publish","format-standard","hentry","category-uncategorized"],"_links":{"self":[{"href":"https:\/\/cful.letras.ulisboa.pt\/praxis\/wp-json\/wp\/v2\/posts\/2156","targetHints":{"allow":["GET"]}}],"collection":[{"href":"https:\/\/cful.letras.ulisboa.pt\/praxis\/wp-json\/wp\/v2\/posts"}],"about":[{"href":"https:\/\/cful.letras.ulisboa.pt\/praxis\/wp-json\/wp\/v2\/types\/post"}],"author":[{"embeddable":true,"href":"https:\/\/cful.letras.ulisboa.pt\/praxis\/wp-json\/wp\/v2\/users\/2"}],"replies":[{"embeddable":true,"href":"https:\/\/cful.letras.ulisboa.pt\/praxis\/wp-json\/wp\/v2\/comments?post=2156"}],"version-history":[{"count":1,"href":"https:\/\/cful.letras.ulisboa.pt\/praxis\/wp-json\/wp\/v2\/posts\/2156\/revisions"}],"predecessor-version":[{"id":2181,"href":"https:\/\/cful.letras.ulisboa.pt\/praxis\/wp-json\/wp\/v2\/posts\/2156\/revisions\/2181"}],"wp:attachment":[{"href":"https:\/\/cful.letras.ulisboa.pt\/praxis\/wp-json\/wp\/v2\/media?parent=2156"}],"wp:term":[{"taxonomy":"category","embeddable":true,"href":"https:\/\/cful.letras.ulisboa.pt\/praxis\/wp-json\/wp\/v2\/categories?post=2156"},{"taxonomy":"post_tag","embeddable":true,"href":"https:\/\/cful.letras.ulisboa.pt\/praxis\/wp-json\/wp\/v2\/tags?post=2156"}],"curies":[{"name":"wp","href":"https:\/\/api.w.org\/{rel}","templated":true}]}}