{"id":2066,"date":"2025-09-23T12:37:57","date_gmt":"2025-09-23T11:37:57","guid":{"rendered":"https:\/\/cful.letras.ulisboa.pt\/lancog\/?p=2066"},"modified":"2025-09-27T09:55:52","modified_gmt":"2025-09-27T08:55:52","slug":"seminar-series-in-analytic-philosophy-2025-26-session-1","status":"publish","type":"post","link":"https:\/\/cful.letras.ulisboa.pt\/lancog\/seminar-series-in-analytic-philosophy-2025-26-session-1\/","title":{"rendered":"Seminar Series in Analytic Philosophy 2025-26: Session 1"},"content":{"rendered":"<p style=\"font-weight: 400;\"><strong>Topics, Focus, and Relevance Properties in First-Order Relevant Logic<\/strong><\/p>\n<p style=\"font-weight: 400;\">Nicholas Ferenz (LanCog, University of Lisbon)<\/p>\n<p>&nbsp;<\/p>\n<p style=\"font-weight: 400;\">26 September 2025, 16:00 (Lisbon Time \u2013 WET)<\/p>\n<p style=\"font-weight: 400;\">Faculdade de Letras de Lisboa<\/p>\n<p style=\"font-weight: 400;\">Sala Mattos Rom\u00e3o [C201.J] (Departamento de Filosofia)<\/p>\n<p>&nbsp;<\/p>\n<p style=\"font-weight: 400;\"><strong>Abstract:\u00a0<\/strong>In this joint work with Andrew Tedder, we investigate the problem of providing relevance properties for first order relevant logics by expanding on recent work concerning relevance as topical in propositional relevant logics. We propose a theory of topic for first order languages in general, relying on the use of focus markers in an extension of the usual first order language. Such an enrichment of the language and conceptual apparatus of a logic provides avenues into the problem of identifying relevance properties for first-order relevant logics.<\/p>\n<p>&nbsp;<\/p>\n<p style=\"font-weight: 400;\">This event is funded by Portuguese national funds through FCT &#8211; Funda\u00e7\u00e3o para a Ci\u00eancia e a Tecnologia, I.P., within the project UID\/00310, Centro de Filosofia da Universidade de Lisboa.<\/p>\n","protected":false},"excerpt":{"rendered":"<p>Topics, Focus, and Relevance Properties in First-Order Relevant Logic Nicholas Ferenz (LanCog, University of Lisbon) &nbsp; 26 September 2025, 16:00 (Lisbon Time \u2013 WET) Faculdade de Letras de Lisboa Sala Mattos Rom\u00e3o [C201.J] (Departamento de Filosofia) &nbsp; Abstract:\u00a0In this joint work with Andrew Tedder, we investigate the problem of providing relevance properties for first order [&hellip;]<\/p>\n","protected":false},"author":2,"featured_media":0,"comment_status":"open","ping_status":"open","sticky":false,"template":"","format":"standard","meta":{"activitypub_content_warning":"","activitypub_content_visibility":"","activitypub_max_image_attachments":4,"activitypub_interaction_policy_quote":"","activitypub_status":"federate","footnotes":""},"categories":[1],"tags":[],"class_list":["post-2066","post","type-post","status-publish","format-standard","hentry","category-uncategorized"],"_links":{"self":[{"href":"https:\/\/cful.letras.ulisboa.pt\/lancog\/wp-json\/wp\/v2\/posts\/2066","targetHints":{"allow":["GET"]}}],"collection":[{"href":"https:\/\/cful.letras.ulisboa.pt\/lancog\/wp-json\/wp\/v2\/posts"}],"about":[{"href":"https:\/\/cful.letras.ulisboa.pt\/lancog\/wp-json\/wp\/v2\/types\/post"}],"author":[{"embeddable":true,"href":"https:\/\/cful.letras.ulisboa.pt\/lancog\/wp-json\/wp\/v2\/users\/2"}],"replies":[{"embeddable":true,"href":"https:\/\/cful.letras.ulisboa.pt\/lancog\/wp-json\/wp\/v2\/comments?post=2066"}],"version-history":[{"count":1,"href":"https:\/\/cful.letras.ulisboa.pt\/lancog\/wp-json\/wp\/v2\/posts\/2066\/revisions"}],"predecessor-version":[{"id":2075,"href":"https:\/\/cful.letras.ulisboa.pt\/lancog\/wp-json\/wp\/v2\/posts\/2066\/revisions\/2075"}],"wp:attachment":[{"href":"https:\/\/cful.letras.ulisboa.pt\/lancog\/wp-json\/wp\/v2\/media?parent=2066"}],"wp:term":[{"taxonomy":"category","embeddable":true,"href":"https:\/\/cful.letras.ulisboa.pt\/lancog\/wp-json\/wp\/v2\/categories?post=2066"},{"taxonomy":"post_tag","embeddable":true,"href":"https:\/\/cful.letras.ulisboa.pt\/lancog\/wp-json\/wp\/v2\/tags?post=2066"}],"curies":[{"name":"wp","href":"https:\/\/api.w.org\/{rel}","templated":true}]}}